{"id":74867,"date":"2019-09-03T10:01:06","date_gmt":"2019-09-03T08:01:06","guid":{"rendered":"http:\/\/graffitibox.de\/blog\/?p=74867"},"modified":"2019-09-03T10:01:07","modified_gmt":"2019-09-03T08:01:07","slug":"writer-highlight-dorok","status":"publish","type":"post","link":"https:\/\/graffitibox.de\/blog\/?p=74867","title":{"rendered":"WRITER HIGHLIGHT &#8211; DOROK"},"content":{"rendered":"\n<p>Der Berliner Writer Dorok von den Jiff Boys wird ebenfalls bei unserer am 7. September stattfindenden Jam eine Wand bemalen.<\/p>\n\n\n\n<!--more-->\n\n\n\n<p>Jetzt wird es Future! <a href=\"https:\/\/www.instagram.com\/_doroc_\/\">Dorok<\/a> von den <a href=\"https:\/\/www.instagram.com\/_jiffboys_\/?hl=de\">Jiff Boys<\/a> wird uns ebenfalls am 7. September bei unserer <a href=\"https:\/\/www.facebook.com\/events\/497915297702190\/\">&#8220;Around The Box&#8221; Jam<\/a> seine K\u00fcnste zeigen. Der Berliner setzt auf ausgereifte Future-Styles mit fetzigen 3D Effekten und metallischen Backgrounds. Nun habt ihr die Chance, euch selbst live von seinen Bildern \u00fcberzeugen zu k\u00f6nnen. Alles was ihr dazu tun m\u00fcsst, ist zwischen 11 und 19 Uhr zu unserem Streetstore in der Prenzlauer Allee 104 zu kommen. Wer nicht kommt verpasst was!<\/p>\n\n\n\n<p><\/p>\n\n\n\n<p><\/p>\n\n\n\n<figure class=\"wp-block-image\"><img decoding=\"async\" width=\"1024\" height=\"530\" src=\"https:\/\/graffitibox.de\/blog\/wp-content\/uploads\/2019\/09\/HEADER__DOROK_01_small-1024x530.jpg\" alt=\"\" class=\"wp-image-74868\" srcset=\"https:\/\/graffitibox.de\/blog\/wp-content\/uploads\/2019\/09\/HEADER__DOROK_01_small-1024x530.jpg 1024w, https:\/\/graffitibox.de\/blog\/wp-content\/uploads\/2019\/09\/HEADER__DOROK_01_small-300x155.jpg 300w, https:\/\/graffitibox.de\/blog\/wp-content\/uploads\/2019\/09\/HEADER__DOROK_01_small-768x398.jpg 768w, https:\/\/graffitibox.de\/blog\/wp-content\/uploads\/2019\/09\/HEADER__DOROK_01_small.jpg 2048w\" sizes=\"(max-width: 1024px) 100vw, 1024px\" \/><\/figure>\n\n\n\n<figure class=\"wp-block-embed-instagram wp-block-embed is-type-rich is-provider-instagram\"><div class=\"wp-block-embed__wrapper\">\nhttps:\/\/www.instagram.com\/p\/B1qOz2qi_YS\/\n<\/div><\/figure>\n\n\n\n<figure class=\"wp-block-embed-instagram wp-block-embed is-type-rich is-provider-instagram\"><div class=\"wp-block-embed__wrapper\">\nhttps:\/\/www.instagram.com\/p\/B0NT9ptitHd\/\n<\/div><\/figure>\n\n\n\n<figure class=\"wp-block-embed-instagram wp-block-embed is-type-rich is-provider-instagram\"><div class=\"wp-block-embed__wrapper\">\nhttps:\/\/www.instagram.com\/p\/By9o4X4I3Wh\/\n<\/div><\/figure>\n","protected":false},"excerpt":{"rendered":"<p>Der Berliner Writer Dorok von den Jiff Boys wird ebenfalls bei unserer am 7. September stattfindenden Jam eine Wand bemalen.<\/p>\n","protected":false},"author":1,"featured_media":74869,"comment_status":"closed","ping_status":"open","sticky":false,"template":"","format":"standard","meta":[],"categories":[4,2],"tags":[96,136,142,152,217,225,270,320,353,428,441,442,501,502],"aioseo_notices":[],"_links":{"self":[{"href":"https:\/\/graffitibox.de\/blog\/index.php?rest_route=\/wp\/v2\/posts\/74867"}],"collection":[{"href":"https:\/\/graffitibox.de\/blog\/index.php?rest_route=\/wp\/v2\/posts"}],"about":[{"href":"https:\/\/graffitibox.de\/blog\/index.php?rest_route=\/wp\/v2\/types\/post"}],"author":[{"embeddable":true,"href":"https:\/\/graffitibox.de\/blog\/index.php?rest_route=\/wp\/v2\/users\/1"}],"replies":[{"embeddable":true,"href":"https:\/\/graffitibox.de\/blog\/index.php?rest_route=%2Fwp%2Fv2%2Fcomments&post=74867"}],"version-history":[{"count":2,"href":"https:\/\/graffitibox.de\/blog\/index.php?rest_route=\/wp\/v2\/posts\/74867\/revisions"}],"predecessor-version":[{"id":74886,"href":"https:\/\/graffitibox.de\/blog\/index.php?rest_route=\/wp\/v2\/posts\/74867\/revisions\/74886"}],"wp:featuredmedia":[{"embeddable":true,"href":"https:\/\/graffitibox.de\/blog\/index.php?rest_route=\/wp\/v2\/media\/74869"}],"wp:attachment":[{"href":"https:\/\/graffitibox.de\/blog\/index.php?rest_route=%2Fwp%2Fv2%2Fmedia&parent=74867"}],"wp:term":[{"taxonomy":"category","embeddable":true,"href":"https:\/\/graffitibox.de\/blog\/index.php?rest_route=%2Fwp%2Fv2%2Fcategories&post=74867"},{"taxonomy":"post_tag","embeddable":true,"href":"https:\/\/graffitibox.de\/blog\/index.php?rest_route=%2Fwp%2Fv2%2Ftags&post=74867"}],"curies":[{"name":"wp","href":"https:\/\/api.w.org\/{rel}","templated":true}]}}